{"id":255,"date":"2025-03-22T16:53:44","date_gmt":"2025-03-22T16:53:44","guid":{"rendered":"https:\/\/taarnager.dk\/?p=255"},"modified":"2025-03-26T13:41:47","modified_gmt":"2025-03-26T13:41:47","slug":"den-glemte-skov","status":"publish","type":"post","link":"https:\/\/taarnager.dk\/index.php\/2025\/03\/22\/den-glemte-skov\/","title":{"rendered":"Den Glemte Skov"},"content":{"rendered":"\t\t<div data-elementor-type=\"wp-post\" data-elementor-id=\"255\" class=\"elementor elementor-255\" data-elementor-post-type=\"post\">\n\t\t\t\t<div class=\"elementor-element elementor-element-c7f75d6 e-flex e-con-boxed e-con e-parent\" data-id=\"c7f75d6\" data-element_type=\"container\" data-e-type=\"container\">\n\t\t\t\t\t<div class=\"e-con-inner\">\n\t\t\t\t<div class=\"elementor-element elementor-element-15fda46 elementor-widget elementor-widget-text-editor\" data-id=\"15fda46\" data-element_type=\"widget\" data-e-type=\"widget\" data-widget_type=\"text-editor.default\">\n\t\t\t\t<div class=\"elementor-widget-container\">\n\t\t\t\t\t\t\t\t\t<p>I den lille by, hvor jeg voksede op, var der en gammel legende, der blev fortalt fra generation til generation. Det handlede om en skjult skat, der angiveligt l\u00e5 begravet dybt inde i den n\u00e6rliggende skov, en skov s\u00e5 t\u00e6t og m\u00f8rk, at selv ikke solens str\u00e5ler kunne tr\u00e6nge helt igennem. Mange havde fors\u00f8gt at finde skatten, men ingen havde nogensinde v\u00e6ret i stand til at afsl\u00f8re dens hemmelighed.<\/p><p>Det siges, at skatten tilh\u00f8rte en gammel konge, der engang herskede over landet. Hans navn var kong Alaric, og han var kendt for sin visdom og retf\u00e6rdighed. Men da han blev gammel og bange for, at hans rigdomme ville falde i de forkerte h\u00e6nder, besluttede han at skjule sin skat et sted, hvor kun den mest v\u00e6rdige ville finde den. Han samlede sine n\u00e6rmeste r\u00e5dgivere og inds\u00e5, at den bedste m\u00e5de at beskytte skatten p\u00e5 var at forlade spor og ledetr\u00e5de, der kun kunne forst\u00e5s af dem, der havde et rent hjerte.<\/p><p>Rygterne om skatten tiltrak eventyrere og skattej\u00e6gere fra n\u00e6r og fjern. Mange fors\u00f8gte at finde den, men skoven var fuld af farer. Der var dybe kl\u00f8fter, der pludselig kunne \u00e5bne sig, og stier, der syntes at \u00e6ndre sig, n\u00e5r man ikke kiggede. De, der havde mod til at g\u00e5 ind, kom ofte tilbage med skr\u00e6mmende historier om sp\u00f8gelser, der vogtede skovens hemmeligheder, og om m\u00f8rke skabninger, der jagede dem, der kom for t\u00e6t p\u00e5 skattehemmeligheden.<\/p><p>En dag, da solen stod h\u00f8jt p\u00e5 himlen, besluttede jeg mig for at tage udfordringen op. Jeg havde altid v\u00e6ret fascineret af legenden og f\u00f8lte, at jeg m\u00e5tte finde ud af, om der virkelig var noget om snakken. Uden at fort\u00e6lle nogen om mine planer, pakkede jeg en rygs\u00e6k med n\u00f8dvendigheder: mad, vand, en lommelygte, kort over omr\u00e5det og min bedstefars gamle kompas, som han altid sagde, kunne guide en, n\u00e5r man stod over for sv\u00e6re valg.<\/p><p>Da jeg tr\u00e5dte ind i skoven, blev jeg straks overv\u00e6ldet af stilheden. Tr\u00e6erne var h\u00f8je, og deres grene strakte sig ud som arme, der fors\u00f8gte at n\u00e5 hinanden over mit hoved. Det var som om, skoven havde sin egen sj\u00e6l, en puls, der kunne m\u00e6rkes i den kolde luft. Jeg fulgte en lille sti, som jeg h\u00e5bede ville f\u00f8re mig dybere ind i skoven og n\u00e6rmere skatten. Hver skridt, jeg tog, blev mere og mere fyldt med forventning og frygt.<\/p><p>Efter et stykke tid st\u00f8dte jeg p\u00e5 et gammelt, mosbegroet skilt, der n\u00e6sten var skjult af vegetation. P\u00e5 skiltet stod der med falmede bogstaver: \u201cDen, der s\u00f8ger, m\u00e5 f\u00f8rst forst\u00e5\u201d. Jeg stoppede op og overvejede betydningen af ordene. Hvad skulle jeg forst\u00e5, f\u00f8r jeg kunne forts\u00e6tte? Var det en advarsel eller en test? Jeg kunne ikke lade mig skr\u00e6mme; jeg m\u00e5tte finde ud af, hvad der l\u00e5 forude.<\/p><p>Jeg fortsatte langs stien, indtil jeg n\u00e5ede en lysning. Midt i lysningen stod en gammel, knudret eg, hvis grene strakte sig vidt ud, som om de \u00f8nskede at omfavne himlen. Der var noget magisk ved dette tr\u00e6. Jeg kunne m\u00e6rke, at det var vigtigt. Det var som om, det besad en form<\/p><p>for visdom, som jeg m\u00e5tte udforske. Jeg satte mig ved roden af tr\u00e6et og lukkede \u00f8jnene. Jeg ville lytte til skovens hvisken, til de historier, som naturen havde at fort\u00e6lle.<\/p><p>Pludselig h\u00f8rte jeg en blid stemme, der syntes at komme fra tr\u00e6et selv. \u201cFor at finde skatten, skal du forst\u00e5, hvad du v\u00e6rds\u00e6tter mest. Hvad er det, du s\u00f8ger?\u201d Jeg \u00e5bnede \u00f8jnene og kiggede op p\u00e5 det majest\u00e6tiske tr\u00e6. \u201cJeg s\u00f8ger eventyr og visdom,\u201d svarede jeg. \u201cJeg \u00f8nsker at finde skatten, fordi jeg tror, den vil give mig noget, jeg kan dele med andre.\u201d<\/p><p>Tr\u00e6et svarede med en dyb, rumlende latter. \u201cSkatten er ikke altid guld og juveler. Den sande skat ligger i de oplevelser, du samler, og de mennesker, du m\u00f8der p\u00e5 din rejse. Hvis du \u00f8nsker at finde den fysiske skat, skal du f\u00f8rst finde den indre skat, som ligger skjult i dit hjerte.\u201d<\/p><p>Jeg blev stille et \u00f8jeblik og lod ordene synke ind. Det var en sandhed, jeg aldrig havde overvejet. Det handlede ikke kun om at finde skatten; det handlede om rejsen, om hvad jeg ville l\u00e6re og hvordan jeg ville vokse som person.<\/p><p>Med en ny f\u00f8lelse af form\u00e5l rejste jeg mig og takkede tr\u00e6et for dets visdom. Jeg f\u00f8lte mig forvandlet, som om jeg bar p\u00e5 en ny forst\u00e5else af, hvad det bet\u00f8d at v\u00e6re p\u00e5 vej mod noget stort. Jeg fortsatte min s\u00f8gen, men nu med fokus p\u00e5 de oplevelser, der ventede forude.<\/p><p>Da jeg bev\u00e6gede mig l\u00e6ngere ind i skoven, begyndte jeg at m\u00f8de andre, der ogs\u00e5 var p\u00e5 deres egen rejse. En ung kvinde ved navn Elina, der s\u00f8gte efter sit form\u00e5l i livet, en gammel mand, der ledte efter den mistede k\u00e6rlighed, og en gruppe b\u00f8rn, der bare \u00f8nskede at lege og udforske. Jeg inds\u00e5, at hver af dem bar p\u00e5 deres egne historier, og jeg blev fascineret af at h\u00f8re om deres dr\u00f8mme og udfordringer.<\/p><p>Sammen dannede vi et b\u00e5nd, der transcenderede vores individuelle m\u00e5l. Vi l\u00e6rte af hinanden, st\u00f8ttede hinanden og delte vores visdom. Hver nat, n\u00e5r vi samlede os omkring et b\u00e5l, fortalte vi historier fra vores liv, og det blev klart for mig, at dette var den egentlige skat. Venskaberne, erfaringerne og de minder, vi skabte sammen, var mere v\u00e6rdifulde end enhver fysisk formue.<\/p><p>Efter flere dages rejse og mange eventyr fandt vi endelig et gammelt kort, der ledte os til en hemmelig hule, hvor skatten angiveligt l\u00e5 begravet. Vi var sp\u00e6ndte, men ogs\u00e5 nerv\u00f8se. Hvad ville vi finde? Ville skatten leve op til vores forventninger? Da vi tr\u00e5dte ind i hulen, blev vi m\u00f8dt af et bl\u00e6ndende lys, der fyldte hele rummet.<\/p><p>I midten af hulen stod en stor kiste, d\u00e6kket af st\u00f8v og spidse klipper. Med hjertet bankende \u00e5bnede vi kisten og kiggede ind. I stedet for guld og juveler fandt vi gamle skrifter, b\u00f8ger fyldt med visdom, og genstande, der bar p\u00e5 historier fra fortiden. Det var en skat af viden og erfaring, der kunne inspirere os i vores liv.<\/p><p>Vi inds\u00e5, at den \u00e6gte skat aldrig var de fysiske genstande, men snarere de v\u00e6rdier, vi kunne tage med os. Vi delte skrifterne og besluttede at bringe dem tilbage til vores egne liv, s\u00e5 vi kunne videregive de lektier, vi havde l\u00e6rt, til kommende generationer.<\/p><p>Da vi forlod skoven, var det ikke kun som skattej\u00e6gere, men som l\u00e6rere og venner. Den rejse, vi havde taget, havde \u00e6ndret os for altid. Vi var ikke l\u00e6ngere blot individer p\u00e5 udkig efter rigdom; vi var blevet en del af noget st\u00f8rre, en del af et f\u00e6llesskab, der havde l\u00e6rt os, hvad det virkelig bet\u00f8d at s\u00f8ge efter skatten i livet.<\/p><p>Og s\u00e5dan, gennem skovens hemmeligheder og de b\u00e5nd, vi havde dannet, fandt jeg min sande skat. En skat, der ikke kunne m\u00e5les i s\u00f8lv eller guld, men i de historier og forbindelser, der ville vare livet ud.<\/p><p>B.Taarnager<\/p>\t\t\t\t\t\t\t\t<\/div>\n\t\t\t\t<\/div>\n\t\t\t\t\t<\/div>\n\t\t\t\t<\/div>\n\t\t\t\t<\/div>\n\t\t<a class=\"synved-social-button synved-social-button-follow synved-social-size-32 synved-social-resolution-single synved-social-provider-mail nolightbox\" data-provider=\"mail\" rel=\"nofollow\" title=\"bjarne@taarnager.dk\" href=\"http:\/\/bjarne@taarnager.dk\" style=\"font-size: 0px;width:32px;height:32px;margin:0;margin-bottom:5px\"><img decoding=\"async\" alt=\"mail\" title=\"bjarne@taarnager.dk\" class=\"synved-share-image synved-social-image synved-social-image-follow\" width=\"32\" height=\"32\" style=\"display: inline;width:32px;height:32px;margin: 0;padding: 0;border: none;box-shadow: none\" src=\"https:\/\/taarnager.dk\/wp-content\/plugins\/social-media-feather\/synved-social\/image\/social\/regular\/64x64\/mail.png\" \/><\/a>","protected":false},"excerpt":{"rendered":"<p>I den lille by, hvor jeg voksede op, var der en gammel legende, der blev [&hellip;]<\/p>\n","protected":false},"author":1,"featured_media":104,"comment_status":"open","ping_status":"open","sticky":false,"template":"","format":"standard","meta":{"_jetpack_memberships_contains_paid_content":false,"footnotes":""},"categories":[9],"tags":[],"class_list":["post-255","post","type-post","status-publish","format-standard","has-post-thumbnail","hentry","category-min-novelle"],"yoast_head":"<!-- This site is optimized with the Yoast SEO Premium plugin v25.4 (Yoast SEO v27.5) - https:\/\/yoast.com\/product\/yoast-seo-premium-wordpress\/ -->\n<title>Den Glemte Skov - Din og Min blog<\/title>\n<meta name=\"robots\" content=\"index, follow, max-snippet:-1, max-image-preview:large, max-video-preview:-1\" \/>\n<link rel=\"canonical\" href=\"https:\/\/taarnager.dk\/index.php\/2025\/03\/22\/den-glemte-skov\/\" \/>\n<meta property=\"og:locale\" content=\"da_DK\" \/>\n<meta property=\"og:type\" content=\"article\" \/>\n<meta property=\"og:title\" content=\"Den Glemte Skov\" \/>\n<meta property=\"og:description\" content=\"I den lille by, hvor jeg voksede op, var der en gammel legende, der blev [&hellip;]\" \/>\n<meta property=\"og:url\" content=\"https:\/\/taarnager.dk\/index.php\/2025\/03\/22\/den-glemte-skov\/\" \/>\n<meta property=\"og:site_name\" content=\"Din og Min blog\" \/>\n<meta property=\"article:published_time\" content=\"2025-03-22T16:53:44+00:00\" \/>\n<meta property=\"article:modified_time\" content=\"2025-03-26T13:41:47+00:00\" \/>\n<meta property=\"og:image\" content=\"https:\/\/taarnager.dk\/wp-content\/uploads\/2025\/02\/trees-3822149_1920-1.jpg\" \/>\n\t<meta property=\"og:image:width\" content=\"1920\" \/>\n\t<meta property=\"og:image:height\" content=\"1278\" \/>\n\t<meta property=\"og:image:type\" content=\"image\/jpeg\" \/>\n<meta name=\"author\" content=\"admin\" \/>\n<meta name=\"twitter:card\" content=\"summary_large_image\" \/>\n<meta name=\"twitter:label1\" content=\"Skrevet af\" \/>\n\t<meta name=\"twitter:data1\" content=\"admin\" \/>\n\t<meta name=\"twitter:label2\" content=\"Estimeret l\u00e6setid\" \/>\n\t<meta name=\"twitter:data2\" content=\"6 minutter\" \/>\n<script type=\"application\/ld+json\" class=\"yoast-schema-graph\">{\"@context\":\"https:\\\/\\\/schema.org\",\"@graph\":[{\"@type\":\"Article\",\"@id\":\"https:\\\/\\\/taarnager.dk\\\/index.php\\\/2025\\\/03\\\/22\\\/den-glemte-skov\\\/#article\",\"isPartOf\":{\"@id\":\"https:\\\/\\\/taarnager.dk\\\/index.php\\\/2025\\\/03\\\/22\\\/den-glemte-skov\\\/\"},\"author\":{\"name\":\"admin\",\"@id\":\"https:\\\/\\\/taarnager.dk\\\/#\\\/schema\\\/person\\\/615c9ded39d3ebcc34ec3144af79ec11\"},\"headline\":\"Den Glemte Skov\",\"datePublished\":\"2025-03-22T16:53:44+00:00\",\"dateModified\":\"2025-03-26T13:41:47+00:00\",\"mainEntityOfPage\":{\"@id\":\"https:\\\/\\\/taarnager.dk\\\/index.php\\\/2025\\\/03\\\/22\\\/den-glemte-skov\\\/\"},\"wordCount\":1275,\"commentCount\":0,\"image\":{\"@id\":\"https:\\\/\\\/taarnager.dk\\\/index.php\\\/2025\\\/03\\\/22\\\/den-glemte-skov\\\/#primaryimage\"},\"thumbnailUrl\":\"https:\\\/\\\/taarnager.dk\\\/wp-content\\\/uploads\\\/2025\\\/02\\\/trees-3822149_1920-1.jpg\",\"articleSection\":[\"Min Novelle\"],\"inLanguage\":\"da-DK\",\"potentialAction\":[{\"@type\":\"CommentAction\",\"name\":\"Comment\",\"target\":[\"https:\\\/\\\/taarnager.dk\\\/index.php\\\/2025\\\/03\\\/22\\\/den-glemte-skov\\\/#respond\"]}]},{\"@type\":\"WebPage\",\"@id\":\"https:\\\/\\\/taarnager.dk\\\/index.php\\\/2025\\\/03\\\/22\\\/den-glemte-skov\\\/\",\"url\":\"https:\\\/\\\/taarnager.dk\\\/index.php\\\/2025\\\/03\\\/22\\\/den-glemte-skov\\\/\",\"name\":\"Den Glemte Skov - Din og Min blog\",\"isPartOf\":{\"@id\":\"https:\\\/\\\/taarnager.dk\\\/#website\"},\"primaryImageOfPage\":{\"@id\":\"https:\\\/\\\/taarnager.dk\\\/index.php\\\/2025\\\/03\\\/22\\\/den-glemte-skov\\\/#primaryimage\"},\"image\":{\"@id\":\"https:\\\/\\\/taarnager.dk\\\/index.php\\\/2025\\\/03\\\/22\\\/den-glemte-skov\\\/#primaryimage\"},\"thumbnailUrl\":\"https:\\\/\\\/taarnager.dk\\\/wp-content\\\/uploads\\\/2025\\\/02\\\/trees-3822149_1920-1.jpg\",\"datePublished\":\"2025-03-22T16:53:44+00:00\",\"dateModified\":\"2025-03-26T13:41:47+00:00\",\"author\":{\"@id\":\"https:\\\/\\\/taarnager.dk\\\/#\\\/schema\\\/person\\\/615c9ded39d3ebcc34ec3144af79ec11\"},\"breadcrumb\":{\"@id\":\"https:\\\/\\\/taarnager.dk\\\/index.php\\\/2025\\\/03\\\/22\\\/den-glemte-skov\\\/#breadcrumb\"},\"inLanguage\":\"da-DK\",\"potentialAction\":[{\"@type\":\"ReadAction\",\"target\":[\"https:\\\/\\\/taarnager.dk\\\/index.php\\\/2025\\\/03\\\/22\\\/den-glemte-skov\\\/\"]}]},{\"@type\":\"ImageObject\",\"inLanguage\":\"da-DK\",\"@id\":\"https:\\\/\\\/taarnager.dk\\\/index.php\\\/2025\\\/03\\\/22\\\/den-glemte-skov\\\/#primaryimage\",\"url\":\"https:\\\/\\\/taarnager.dk\\\/wp-content\\\/uploads\\\/2025\\\/02\\\/trees-3822149_1920-1.jpg\",\"contentUrl\":\"https:\\\/\\\/taarnager.dk\\\/wp-content\\\/uploads\\\/2025\\\/02\\\/trees-3822149_1920-1.jpg\",\"width\":1920,\"height\":1278},{\"@type\":\"BreadcrumbList\",\"@id\":\"https:\\\/\\\/taarnager.dk\\\/index.php\\\/2025\\\/03\\\/22\\\/den-glemte-skov\\\/#breadcrumb\",\"itemListElement\":[{\"@type\":\"ListItem\",\"position\":1,\"name\":\"Hjem\",\"item\":\"https:\\\/\\\/taarnager.dk\\\/\"},{\"@type\":\"ListItem\",\"position\":2,\"name\":\"Den Glemte Skov\"}]},{\"@type\":\"WebSite\",\"@id\":\"https:\\\/\\\/taarnager.dk\\\/#website\",\"url\":\"https:\\\/\\\/taarnager.dk\\\/\",\"name\":\"Din og Min blog\",\"description\":\"Har du en god historie du vil dele med andre\",\"potentialAction\":[{\"@type\":\"SearchAction\",\"target\":{\"@type\":\"EntryPoint\",\"urlTemplate\":\"https:\\\/\\\/taarnager.dk\\\/?s={search_term_string}\"},\"query-input\":{\"@type\":\"PropertyValueSpecification\",\"valueRequired\":true,\"valueName\":\"search_term_string\"}}],\"inLanguage\":\"da-DK\"},{\"@type\":\"Person\",\"@id\":\"https:\\\/\\\/taarnager.dk\\\/#\\\/schema\\\/person\\\/615c9ded39d3ebcc34ec3144af79ec11\",\"name\":\"admin\",\"image\":{\"@type\":\"ImageObject\",\"inLanguage\":\"da-DK\",\"@id\":\"https:\\\/\\\/secure.gravatar.com\\\/avatar\\\/8d14d5c8ef5c8d7896b10aa6fd86e048fa9f87557585fb1107b82546bc23507d?s=96&d=mm&r=g\",\"url\":\"https:\\\/\\\/secure.gravatar.com\\\/avatar\\\/8d14d5c8ef5c8d7896b10aa6fd86e048fa9f87557585fb1107b82546bc23507d?s=96&d=mm&r=g\",\"contentUrl\":\"https:\\\/\\\/secure.gravatar.com\\\/avatar\\\/8d14d5c8ef5c8d7896b10aa6fd86e048fa9f87557585fb1107b82546bc23507d?s=96&d=mm&r=g\",\"caption\":\"admin\"},\"sameAs\":[\"https:\\\/\\\/taarnager.dk\"],\"url\":\"https:\\\/\\\/taarnager.dk\\\/index.php\\\/author\\\/admin\\\/\"}]}<\/script>\n<!-- \/ Yoast SEO Premium plugin. -->","yoast_head_json":{"title":"Den Glemte Skov - Din og Min blog","robots":{"index":"index","follow":"follow","max-snippet":"max-snippet:-1","max-image-preview":"max-image-preview:large","max-video-preview":"max-video-preview:-1"},"canonical":"https:\/\/taarnager.dk\/index.php\/2025\/03\/22\/den-glemte-skov\/","og_locale":"da_DK","og_type":"article","og_title":"Den Glemte Skov","og_description":"I den lille by, hvor jeg voksede op, var der en gammel legende, der blev [&hellip;]","og_url":"https:\/\/taarnager.dk\/index.php\/2025\/03\/22\/den-glemte-skov\/","og_site_name":"Din og Min blog","article_published_time":"2025-03-22T16:53:44+00:00","article_modified_time":"2025-03-26T13:41:47+00:00","og_image":[{"width":1920,"height":1278,"url":"https:\/\/taarnager.dk\/wp-content\/uploads\/2025\/02\/trees-3822149_1920-1.jpg","type":"image\/jpeg"}],"author":"admin","twitter_card":"summary_large_image","twitter_misc":{"Skrevet af":"admin","Estimeret l\u00e6setid":"6 minutter"},"schema":{"@context":"https:\/\/schema.org","@graph":[{"@type":"Article","@id":"https:\/\/taarnager.dk\/index.php\/2025\/03\/22\/den-glemte-skov\/#article","isPartOf":{"@id":"https:\/\/taarnager.dk\/index.php\/2025\/03\/22\/den-glemte-skov\/"},"author":{"name":"admin","@id":"https:\/\/taarnager.dk\/#\/schema\/person\/615c9ded39d3ebcc34ec3144af79ec11"},"headline":"Den Glemte Skov","datePublished":"2025-03-22T16:53:44+00:00","dateModified":"2025-03-26T13:41:47+00:00","mainEntityOfPage":{"@id":"https:\/\/taarnager.dk\/index.php\/2025\/03\/22\/den-glemte-skov\/"},"wordCount":1275,"commentCount":0,"image":{"@id":"https:\/\/taarnager.dk\/index.php\/2025\/03\/22\/den-glemte-skov\/#primaryimage"},"thumbnailUrl":"https:\/\/taarnager.dk\/wp-content\/uploads\/2025\/02\/trees-3822149_1920-1.jpg","articleSection":["Min Novelle"],"inLanguage":"da-DK","potentialAction":[{"@type":"CommentAction","name":"Comment","target":["https:\/\/taarnager.dk\/index.php\/2025\/03\/22\/den-glemte-skov\/#respond"]}]},{"@type":"WebPage","@id":"https:\/\/taarnager.dk\/index.php\/2025\/03\/22\/den-glemte-skov\/","url":"https:\/\/taarnager.dk\/index.php\/2025\/03\/22\/den-glemte-skov\/","name":"Den Glemte Skov - Din og Min blog","isPartOf":{"@id":"https:\/\/taarnager.dk\/#website"},"primaryImageOfPage":{"@id":"https:\/\/taarnager.dk\/index.php\/2025\/03\/22\/den-glemte-skov\/#primaryimage"},"image":{"@id":"https:\/\/taarnager.dk\/index.php\/2025\/03\/22\/den-glemte-skov\/#primaryimage"},"thumbnailUrl":"https:\/\/taarnager.dk\/wp-content\/uploads\/2025\/02\/trees-3822149_1920-1.jpg","datePublished":"2025-03-22T16:53:44+00:00","dateModified":"2025-03-26T13:41:47+00:00","author":{"@id":"https:\/\/taarnager.dk\/#\/schema\/person\/615c9ded39d3ebcc34ec3144af79ec11"},"breadcrumb":{"@id":"https:\/\/taarnager.dk\/index.php\/2025\/03\/22\/den-glemte-skov\/#breadcrumb"},"inLanguage":"da-DK","potentialAction":[{"@type":"ReadAction","target":["https:\/\/taarnager.dk\/index.php\/2025\/03\/22\/den-glemte-skov\/"]}]},{"@type":"ImageObject","inLanguage":"da-DK","@id":"https:\/\/taarnager.dk\/index.php\/2025\/03\/22\/den-glemte-skov\/#primaryimage","url":"https:\/\/taarnager.dk\/wp-content\/uploads\/2025\/02\/trees-3822149_1920-1.jpg","contentUrl":"https:\/\/taarnager.dk\/wp-content\/uploads\/2025\/02\/trees-3822149_1920-1.jpg","width":1920,"height":1278},{"@type":"BreadcrumbList","@id":"https:\/\/taarnager.dk\/index.php\/2025\/03\/22\/den-glemte-skov\/#breadcrumb","itemListElement":[{"@type":"ListItem","position":1,"name":"Hjem","item":"https:\/\/taarnager.dk\/"},{"@type":"ListItem","position":2,"name":"Den Glemte Skov"}]},{"@type":"WebSite","@id":"https:\/\/taarnager.dk\/#website","url":"https:\/\/taarnager.dk\/","name":"Din og Min blog","description":"Har du en god historie du vil dele med andre","potentialAction":[{"@type":"SearchAction","target":{"@type":"EntryPoint","urlTemplate":"https:\/\/taarnager.dk\/?s={search_term_string}"},"query-input":{"@type":"PropertyValueSpecification","valueRequired":true,"valueName":"search_term_string"}}],"inLanguage":"da-DK"},{"@type":"Person","@id":"https:\/\/taarnager.dk\/#\/schema\/person\/615c9ded39d3ebcc34ec3144af79ec11","name":"admin","image":{"@type":"ImageObject","inLanguage":"da-DK","@id":"https:\/\/secure.gravatar.com\/avatar\/8d14d5c8ef5c8d7896b10aa6fd86e048fa9f87557585fb1107b82546bc23507d?s=96&d=mm&r=g","url":"https:\/\/secure.gravatar.com\/avatar\/8d14d5c8ef5c8d7896b10aa6fd86e048fa9f87557585fb1107b82546bc23507d?s=96&d=mm&r=g","contentUrl":"https:\/\/secure.gravatar.com\/avatar\/8d14d5c8ef5c8d7896b10aa6fd86e048fa9f87557585fb1107b82546bc23507d?s=96&d=mm&r=g","caption":"admin"},"sameAs":["https:\/\/taarnager.dk"],"url":"https:\/\/taarnager.dk\/index.php\/author\/admin\/"}]}},"jetpack_featured_media_url":"https:\/\/taarnager.dk\/wp-content\/uploads\/2025\/02\/trees-3822149_1920-1.jpg","jetpack_sharing_enabled":true,"_links":{"self":[{"href":"https:\/\/taarnager.dk\/index.php\/wp-json\/wp\/v2\/posts\/255","targetHints":{"allow":["GET"]}}],"collection":[{"href":"https:\/\/taarnager.dk\/index.php\/wp-json\/wp\/v2\/posts"}],"about":[{"href":"https:\/\/taarnager.dk\/index.php\/wp-json\/wp\/v2\/types\/post"}],"author":[{"embeddable":true,"href":"https:\/\/taarnager.dk\/index.php\/wp-json\/wp\/v2\/users\/1"}],"replies":[{"embeddable":true,"href":"https:\/\/taarnager.dk\/index.php\/wp-json\/wp\/v2\/comments?post=255"}],"version-history":[{"count":7,"href":"https:\/\/taarnager.dk\/index.php\/wp-json\/wp\/v2\/posts\/255\/revisions"}],"predecessor-version":[{"id":444,"href":"https:\/\/taarnager.dk\/index.php\/wp-json\/wp\/v2\/posts\/255\/revisions\/444"}],"wp:featuredmedia":[{"embeddable":true,"href":"https:\/\/taarnager.dk\/index.php\/wp-json\/wp\/v2\/media\/104"}],"wp:attachment":[{"href":"https:\/\/taarnager.dk\/index.php\/wp-json\/wp\/v2\/media?parent=255"}],"wp:term":[{"taxonomy":"category","embeddable":true,"href":"https:\/\/taarnager.dk\/index.php\/wp-json\/wp\/v2\/categories?post=255"},{"taxonomy":"post_tag","embeddable":true,"href":"https:\/\/taarnager.dk\/index.php\/wp-json\/wp\/v2\/tags?post=255"}],"curies":[{"name":"wp","href":"https:\/\/api.w.org\/{rel}","templated":true}]}}