{"id":29,"date":"2023-12-22T13:34:21","date_gmt":"2023-12-22T13:34:21","guid":{"rendered":"https:\/\/taarnager.dk\/?p=29"},"modified":"2025-03-26T13:49:33","modified_gmt":"2025-03-26T13:49:33","slug":"mellem-solnedgang-og-erindring","status":"publish","type":"post","link":"https:\/\/taarnager.dk\/index.php\/2023\/12\/22\/mellem-solnedgang-og-erindring\/","title":{"rendered":"Mellem Solnedgang og Erindring"},"content":{"rendered":"\t\t<div data-elementor-type=\"wp-post\" data-elementor-id=\"29\" class=\"elementor elementor-29\" data-elementor-post-type=\"post\">\n\t\t\t\t<div class=\"elementor-element elementor-element-1cc3464a e-flex e-con-boxed e-con e-parent\" data-id=\"1cc3464a\" data-element_type=\"container\" data-e-type=\"container\">\n\t\t\t\t\t<div class=\"e-con-inner\">\n\t\t\t\t<div class=\"elementor-element elementor-element-53e25e2e elementor-widget elementor-widget-text-editor\" data-id=\"53e25e2e\" data-element_type=\"widget\" data-e-type=\"widget\" data-widget_type=\"text-editor.default\">\n\t\t\t\t<div class=\"elementor-widget-container\">\n\t\t\t\t\t\t\t\t\t\n<p>I en stille forstad, hvor tid synes at bev\u00e6ge sig i takt med de velplejede haver og blide gader, boede Alice og Robert. Et \u00e6ldre \u00e6gtepar, hvis k\u00e6rlighedshistorie havde v\u00e6ret b\u00e5ret af \u00e5rtiers f\u00e6lles rejse. De havde m\u00f8dt hinanden som unge sj\u00e6le, forelsket sig i de uendelige muligheder og bygget et liv sammen gennem 23 \u00e5rs \u00e6gteskab.<\/p>\n\n\n\n<p>\u00c5renes gang havde v\u00e6vet deres liv sammen som en kunst v\u00e6rksdelikat m\u00f8nster, og hvert kapitel havde v\u00e6ret fyldt med gl\u00e6de, udfordringer og en dyb forst\u00e5else for hinanden. Deres hjem var ikke bare et hus, men et tempel for k\u00e6rlighed og samh\u00f8righed.<\/p>\n\n\n\n<p>Men en dag, som om sk\u00e6bnen pludselig havde valgt at \u00e6ndre retning, blev Alices krop ramt af en uovervindelig sygdom. L\u00e6gerne, sendte hende fra unders\u00f8gelse til unders\u00f8gelse, og Robert stod ved hendes side gennem alle behandlinger og smertefulde \u00f8jeblikke, men trods deres samlede styrke og k\u00e6rlighed kunne de ikke bremse det uundg\u00e5elige.<\/p>\n\n\n\n<p>Mellem hospitalernes sterile v\u00e6gge og stille n\u00e6tter ved hendes seng, mistede Robert gradvist den kone, der havde v\u00e6ret hans st\u00f8tte og k\u00e6rlighed i over to \u00e5rtier. Deres samtaler gik fra livlige til stille n\u00e6rv\u00e6r, da Alice k\u00e6mpede mod sygdommens grusomme angreb. Robert, en gang s\u00e5 st\u00e6rk, stod nu overfor det uundg\u00e5elige &#8211; at miste den kone, han havde delt sit liv med.<\/p>\n\n\n\n<p>Da Alice trak sin sidste vejrtr\u00e6kning og lukkede \u00f8jnene for sidste gang, f\u00f8lte Robert, at en del af hendes sj\u00e6l blev revet bort. Det var som om en ubeskrivelig smerte indtog hans hverdag, og han blev efterladt med en tomhed, der kun kunne fyldes med minder.<\/p>\n\n\n\n<p>I tiden efter Alices bortgang m\u00e5tte Robert l\u00e6re at navigere gennem sorgen og genopfinde sig selv som enkelt mand. Han fandt tr\u00f8st i de minder, de havde skabt sammen, i gamle k\u00e6rlighedsbreve og fotografier, der nu var som vinduer til en fjern fortid. Men sorgen var ikke blot en afsked med den elskede; det var ogs\u00e5 en opdagelsesrejse ind i sin egen styrke og evne til at omfavne livets uforudsigelighed.<\/p>\n\n\n\n<p>Langsomt, som solen stiger efter en lang nat, begyndte Robert at finde en ny form for fred. Hans hjem, engang fyldt med to liv, blev hans eget tempel af erindringer og et sted for personlig heling. Han delte stadig k\u00e6rlighed, nu gennem de rige historier og erfaringer, han bar med sig.<\/p>\n\n\n\n<p>M\u00e5ske var det i denne sorgens l\u00e6ngsel, at Robert opdagede en anden form for k\u00e6rlighed &#8211; en indre styrke, der voksede ud af tabet. Et k\u00e6rlighedens kapitel, der fortsatte i hans eget hjerte, og som ville forts\u00e6tte med at forme hans rejse i det ukendte. Livet var ikke slut, selvom hans livs k\u00e6rlighed var borte; det var blevet omformet og skabte plads til nye kapitler, nye udfordringer og nye k\u00e6rligheder.<\/p>\n\n\n\n<p>I dagene og ugerne efter Alices bortgang fordybede Robert sig i minderne om deres liv sammen. Han gennems\u00f8gte gamle fotoalbums og l\u00e6ste k\u00e6rlighedsbreve, der var blevet gemt gennem \u00e5rene. Hvert billede og hvert ord var som et lille stykke af fortiden, der kom til live og genoplivede de dyrebare \u00f8jeblikke, de havde delt.<\/p>\n\n\n\n<p>Robert, skr\u00f8belig men beslutsom, besluttede sig for at tage det bedste fra deres f\u00e6lles rejse og bruge det som inspiration til det n\u00e6ste kapitel i sit liv. Han begyndte at dykke ned i aktiviteter, som han havde glemt eller undladt at udforske i \u00e5renes l\u00f8b. M\u00f8der med gamle venner og ture til steder, de to aldrig havde n\u00e5et at bes\u00f8ge sammen, blev en del af hans helingsproces.<\/p>\n\n\n\n<p>En dag, mens han deltog i en lokal kunstudstilling, m\u00f8dte Robert en anden enke ved navn Sarah. Sarah havde ogs\u00e5 mistet sin livs- k\u00e6rlighed efter mange \u00e5rs \u00e6gteskab. De to fandt en unik forst\u00e5else for hinanden og delte sorgens byrde. Langsomt opstod et smukt venskab mellem dem, baseret p\u00e5 f\u00e6lles erfaringer og en gensidig respekt for den andens rejse.<\/p>\n\n\n\n<p>Sammen begyndte Robert og Sarah at deltage i st\u00f8ttegrupper og frivilligt arbejde for andre, der havde oplevet tab. De fandt mening i at hj\u00e6lpe andre med at navigere gennem sorgen og opdagede, at k\u00e6rlighedens styrke ikke blot findes i den romantiske forbindelse, men ogs\u00e5 i de b\u00e5nd, der formes mellem mennesker, der deler smerte og heling.<\/p>\n\n\n\n<p>Robert genopdagede ogs\u00e5 sin k\u00e6rlighed til kunst og begyndte at male. Hans l\u00e6rred blev en m\u00e5de at udtrykke de komplekse f\u00f8lelser, han bar indeni. Hvert penselstr\u00f8g var som et skridt mod heling, og hans v\u00e6rker blev et visuelt udtryk for den rejse, han var p\u00e5.<\/p>\n\n\n\n<p>Som \u00e5rene gik, skabte Robert et liv, der var fyldt med mening og indhold. Selvom Alices fysiske n\u00e6rv\u00e6r manglede, var hendes \u00e5nd altid til stede i hans hjerte og minder. Han forstod, at k\u00e6rlighed ikke bare var en enkeltst\u00e5ende begivenhed i livet; det var en oplevelse, der kunne manifestere sig p\u00e5 utallige m\u00e5der gennem venskab, kunst, selvopdagelse og tjeneste for andre.<\/p>\n\n\n\n<p>Robert blev et levende bevis p\u00e5, at selvom den store k\u00e6rlighed kan ende, forbliver dens indflydelse og r\u00e6kkevidde i ens liv. Han l\u00e6rte, at selv i tabet af en elsket kunne nye k\u00e6rligheder og meningsfulde forbindelser blomstre. Hans historie var ikke slut med solnedgangen over hans livs k\u00e6rlighed; det var begyndelsen p\u00e5 et nyt kapitel, fyldt med overraskelser, venskaber og selvopdagelse.<\/p>\n\n\n\n<p>En dag, mens Robert gik langs byens havnepromenade, m\u00e6rkede han en uventet f\u00f8lelse af fred og ro. Havets- brusen og duften af saltvand vakte minder om de tidlige dage af hans \u00e6gteskab, hvor han og Alice ofte tog p\u00e5 romantiske ture langs kysten.<\/p>\n\n\n\n<p>Den lille havneby, med sine farverige b\u00e5de, hyggelige caf\u00e9er og venlige ansigter, tiltalte Robert p\u00e5 en m\u00e5de, han ikke havde forventet. Det var som om byen selv hviskede til ham, at det var tid til at begynde et nyt kapitel i sit liv.<\/p>\n\n\n\n<p>Inspireret af denne f\u00f8lelse besluttede Robert at tage springet. Han flyttede fra deres lejlighed i forstaden og k\u00f8bte et charmerende hus , i n\u00e6rheden&nbsp; af den lille idylliske havneby. Huset var stort, med plads til overnatning, n\u00e5r familien kom p\u00e5 bes\u00f8g.<\/p>\n\n\n\n<p>Robert gjorde \u00e6ndringer i sin livsstil. Han omgav sig med mennesker, der v\u00e6rdsatte livets enkle gl\u00e6der, og deltog i byen og fiskernes f\u00e6llesskab og lokale arrangementer. M\u00f8det med nye venner og naboer, der delte hans passion for livet og den lille bys charme, \u00e5bnede d\u00f8ren for et nyt socialt liv.<\/p>\n\n\n\n<p>En dag i den lokale genbrugsbutik fandt Robert en farverig hue, der syntes at udstr\u00e5le liv og eventyr. Han k\u00f8bte den spontant, som et symbol p\u00e5 det mod, han havde samlet sig til at tage det n\u00e6ste skridt i sit liv. Huen blev hans ikoniske accessory, (tilbeh\u00f8r) og folk i byen begyndte at genkende ham som &#8220;manden med den farverige hue.&#8221;<\/p>\n\n\n\n<p>Robert opdagede ogs\u00e5 sin passion for lokalhistorie og begyndte at deltage i guidede ture og arrangementer, der fortalte om byens rige fortid. Hans engagement og interesse for samfundet gjorde ham hurtigt elsket af de lokale, og han blev en vigtig del af byens v\u00e6v.<\/p>\n\n\n\n<p>Livet i den lille havneby blev en rejse af selvopdagelse for Robert. Han fortsatte med at male og udtrykke sig gennem kunst, og hans v\u00e6rker blev udstillet i lokale gallerier. Hans farverige hue og smittende entusiasme blev symboler p\u00e5 hans transformation og evne til at finde gl\u00e6de midt i forandringen.<\/p>\n\n\n\n<p>Gennem \u00e5rene forblev Alices \u00e5nd en del af Roberts liv, men i stedet for at lade sorgen forbruge hans, brugte han den som en kilde til inspiration. Hans beslutning om at flytte og skabe et nyt liv var en hyldest til den k\u00e6rlighed, de havde delt, og samtidig en erkendelse af, at livet kunne forts\u00e6tte med nye eventyr.<\/p>\n\n\n\n<p>Robert fortsatte med at omfavne havnebyens magi, og i processen opdagede han ikke kun en ny hjemby, men ogs\u00e5 en ny version af sig selv. Gennem farverige huer, malerier og venskaber l\u00e6rte Robert, at selv efter 23 \u00e5rs \u00e6gteskab og tabet af den store k\u00e6rlighed, kunne livet forts\u00e6tte med at overraske og berige. Det var en rejse, der viste ham, at mellem solnedgang og erindring kunne der findes et helt nyt kapitel, fyldt med h\u00e5b og muligheder.<\/p>\n\n\n\n<p>B.Taarnager<\/p>\n\t\t\t\t\t\t\t\t<\/div>\n\t\t\t\t<\/div>\n\t\t\t\t\t<\/div>\n\t\t\t\t<\/div>\n\t\t\t\t<\/div>\n\t\t<a class=\"synved-social-button synved-social-button-follow synved-social-size-32 synved-social-resolution-single synved-social-provider-mail nolightbox\" data-provider=\"mail\" rel=\"nofollow\" title=\"bjarne@taarnager.dk\" href=\"http:\/\/bjarne@taarnager.dk\" style=\"font-size: 0px;width:32px;height:32px;margin:0;margin-bottom:5px\"><img decoding=\"async\" alt=\"mail\" title=\"bjarne@taarnager.dk\" class=\"synved-share-image synved-social-image synved-social-image-follow\" width=\"32\" height=\"32\" style=\"display: inline;width:32px;height:32px;margin: 0;padding: 0;border: none;box-shadow: none\" src=\"https:\/\/taarnager.dk\/wp-content\/plugins\/social-media-feather\/synved-social\/image\/social\/regular\/64x64\/mail.png\" \/><\/a>","protected":false},"excerpt":{"rendered":"<p>I en stille forstad, hvor tid synes at bev\u00e6ge sig i takt med de velplejede [&hellip;]<\/p>\n","protected":false},"author":1,"featured_media":394,"comment_status":"open","ping_status":"open","sticky":false,"template":"","format":"standard","meta":{"_jetpack_memberships_contains_paid_content":false,"footnotes":""},"categories":[9],"tags":[],"class_list":["post-29","post","type-post","status-publish","format-standard","has-post-thumbnail","hentry","category-min-novelle"],"yoast_head":"<!-- This site is optimized with the Yoast SEO Premium plugin v25.4 (Yoast SEO v27.5) - https:\/\/yoast.com\/product\/yoast-seo-premium-wordpress\/ -->\n<title>Mellem Solnedgang og Erindring - Din og Min blog<\/title>\n<meta name=\"robots\" content=\"index, follow, max-snippet:-1, max-image-preview:large, max-video-preview:-1\" \/>\n<link rel=\"canonical\" href=\"https:\/\/taarnager.dk\/index.php\/2023\/12\/22\/mellem-solnedgang-og-erindring\/\" \/>\n<meta property=\"og:locale\" content=\"da_DK\" \/>\n<meta property=\"og:type\" content=\"article\" \/>\n<meta property=\"og:title\" content=\"Mellem Solnedgang og Erindring\" \/>\n<meta property=\"og:description\" content=\"I en stille forstad, hvor tid synes at bev\u00e6ge sig i takt med de velplejede [&hellip;]\" \/>\n<meta property=\"og:url\" content=\"https:\/\/taarnager.dk\/index.php\/2023\/12\/22\/mellem-solnedgang-og-erindring\/\" \/>\n<meta property=\"og:site_name\" content=\"Din og Min blog\" \/>\n<meta property=\"article:published_time\" content=\"2023-12-22T13:34:21+00:00\" \/>\n<meta property=\"article:modified_time\" content=\"2025-03-26T13:49:33+00:00\" \/>\n<meta property=\"og:image\" content=\"https:\/\/taarnager.dk\/wp-content\/uploads\/2023\/12\/img0.jpg\" \/>\n\t<meta property=\"og:image:width\" content=\"1920\" \/>\n\t<meta property=\"og:image:height\" content=\"780\" \/>\n\t<meta property=\"og:image:type\" content=\"image\/jpeg\" \/>\n<meta name=\"author\" content=\"admin\" \/>\n<meta name=\"twitter:card\" content=\"summary_large_image\" \/>\n<meta name=\"twitter:label1\" content=\"Skrevet af\" \/>\n\t<meta name=\"twitter:data1\" content=\"admin\" \/>\n\t<meta name=\"twitter:label2\" content=\"Estimeret l\u00e6setid\" \/>\n\t<meta name=\"twitter:data2\" content=\"8 minutter\" \/>\n<script type=\"application\/ld+json\" class=\"yoast-schema-graph\">{\"@context\":\"https:\\\/\\\/schema.org\",\"@graph\":[{\"@type\":\"Article\",\"@id\":\"https:\\\/\\\/taarnager.dk\\\/index.php\\\/2023\\\/12\\\/22\\\/mellem-solnedgang-og-erindring\\\/#article\",\"isPartOf\":{\"@id\":\"https:\\\/\\\/taarnager.dk\\\/index.php\\\/2023\\\/12\\\/22\\\/mellem-solnedgang-og-erindring\\\/\"},\"author\":{\"name\":\"admin\",\"@id\":\"https:\\\/\\\/taarnager.dk\\\/#\\\/schema\\\/person\\\/615c9ded39d3ebcc34ec3144af79ec11\"},\"headline\":\"Mellem Solnedgang og Erindring\",\"datePublished\":\"2023-12-22T13:34:21+00:00\",\"dateModified\":\"2025-03-26T13:49:33+00:00\",\"mainEntityOfPage\":{\"@id\":\"https:\\\/\\\/taarnager.dk\\\/index.php\\\/2023\\\/12\\\/22\\\/mellem-solnedgang-og-erindring\\\/\"},\"wordCount\":1430,\"commentCount\":0,\"image\":{\"@id\":\"https:\\\/\\\/taarnager.dk\\\/index.php\\\/2023\\\/12\\\/22\\\/mellem-solnedgang-og-erindring\\\/#primaryimage\"},\"thumbnailUrl\":\"https:\\\/\\\/taarnager.dk\\\/wp-content\\\/uploads\\\/2023\\\/12\\\/cropped-img0.jpg\",\"articleSection\":[\"Min Novelle\"],\"inLanguage\":\"da-DK\",\"potentialAction\":[{\"@type\":\"CommentAction\",\"name\":\"Comment\",\"target\":[\"https:\\\/\\\/taarnager.dk\\\/index.php\\\/2023\\\/12\\\/22\\\/mellem-solnedgang-og-erindring\\\/#respond\"]}]},{\"@type\":\"WebPage\",\"@id\":\"https:\\\/\\\/taarnager.dk\\\/index.php\\\/2023\\\/12\\\/22\\\/mellem-solnedgang-og-erindring\\\/\",\"url\":\"https:\\\/\\\/taarnager.dk\\\/index.php\\\/2023\\\/12\\\/22\\\/mellem-solnedgang-og-erindring\\\/\",\"name\":\"Mellem Solnedgang og Erindring - Din og Min blog\",\"isPartOf\":{\"@id\":\"https:\\\/\\\/taarnager.dk\\\/#website\"},\"primaryImageOfPage\":{\"@id\":\"https:\\\/\\\/taarnager.dk\\\/index.php\\\/2023\\\/12\\\/22\\\/mellem-solnedgang-og-erindring\\\/#primaryimage\"},\"image\":{\"@id\":\"https:\\\/\\\/taarnager.dk\\\/index.php\\\/2023\\\/12\\\/22\\\/mellem-solnedgang-og-erindring\\\/#primaryimage\"},\"thumbnailUrl\":\"https:\\\/\\\/taarnager.dk\\\/wp-content\\\/uploads\\\/2023\\\/12\\\/cropped-img0.jpg\",\"datePublished\":\"2023-12-22T13:34:21+00:00\",\"dateModified\":\"2025-03-26T13:49:33+00:00\",\"author\":{\"@id\":\"https:\\\/\\\/taarnager.dk\\\/#\\\/schema\\\/person\\\/615c9ded39d3ebcc34ec3144af79ec11\"},\"breadcrumb\":{\"@id\":\"https:\\\/\\\/taarnager.dk\\\/index.php\\\/2023\\\/12\\\/22\\\/mellem-solnedgang-og-erindring\\\/#breadcrumb\"},\"inLanguage\":\"da-DK\",\"potentialAction\":[{\"@type\":\"ReadAction\",\"target\":[\"https:\\\/\\\/taarnager.dk\\\/index.php\\\/2023\\\/12\\\/22\\\/mellem-solnedgang-og-erindring\\\/\"]}]},{\"@type\":\"ImageObject\",\"inLanguage\":\"da-DK\",\"@id\":\"https:\\\/\\\/taarnager.dk\\\/index.php\\\/2023\\\/12\\\/22\\\/mellem-solnedgang-og-erindring\\\/#primaryimage\",\"url\":\"https:\\\/\\\/taarnager.dk\\\/wp-content\\\/uploads\\\/2023\\\/12\\\/cropped-img0.jpg\",\"contentUrl\":\"https:\\\/\\\/taarnager.dk\\\/wp-content\\\/uploads\\\/2023\\\/12\\\/cropped-img0.jpg\",\"width\":1400,\"height\":674,\"caption\":\"fiona caption\"},{\"@type\":\"BreadcrumbList\",\"@id\":\"https:\\\/\\\/taarnager.dk\\\/index.php\\\/2023\\\/12\\\/22\\\/mellem-solnedgang-og-erindring\\\/#breadcrumb\",\"itemListElement\":[{\"@type\":\"ListItem\",\"position\":1,\"name\":\"Hjem\",\"item\":\"https:\\\/\\\/taarnager.dk\\\/\"},{\"@type\":\"ListItem\",\"position\":2,\"name\":\"Mellem Solnedgang og Erindring\"}]},{\"@type\":\"WebSite\",\"@id\":\"https:\\\/\\\/taarnager.dk\\\/#website\",\"url\":\"https:\\\/\\\/taarnager.dk\\\/\",\"name\":\"Din og Min blog\",\"description\":\"Har du en god historie du vil dele med andre\",\"potentialAction\":[{\"@type\":\"SearchAction\",\"target\":{\"@type\":\"EntryPoint\",\"urlTemplate\":\"https:\\\/\\\/taarnager.dk\\\/?s={search_term_string}\"},\"query-input\":{\"@type\":\"PropertyValueSpecification\",\"valueRequired\":true,\"valueName\":\"search_term_string\"}}],\"inLanguage\":\"da-DK\"},{\"@type\":\"Person\",\"@id\":\"https:\\\/\\\/taarnager.dk\\\/#\\\/schema\\\/person\\\/615c9ded39d3ebcc34ec3144af79ec11\",\"name\":\"admin\",\"image\":{\"@type\":\"ImageObject\",\"inLanguage\":\"da-DK\",\"@id\":\"https:\\\/\\\/secure.gravatar.com\\\/avatar\\\/8d14d5c8ef5c8d7896b10aa6fd86e048fa9f87557585fb1107b82546bc23507d?s=96&d=mm&r=g\",\"url\":\"https:\\\/\\\/secure.gravatar.com\\\/avatar\\\/8d14d5c8ef5c8d7896b10aa6fd86e048fa9f87557585fb1107b82546bc23507d?s=96&d=mm&r=g\",\"contentUrl\":\"https:\\\/\\\/secure.gravatar.com\\\/avatar\\\/8d14d5c8ef5c8d7896b10aa6fd86e048fa9f87557585fb1107b82546bc23507d?s=96&d=mm&r=g\",\"caption\":\"admin\"},\"sameAs\":[\"https:\\\/\\\/taarnager.dk\"],\"url\":\"https:\\\/\\\/taarnager.dk\\\/index.php\\\/author\\\/admin\\\/\"}]}<\/script>\n<!-- \/ Yoast SEO Premium plugin. -->","yoast_head_json":{"title":"Mellem Solnedgang og Erindring - Din og Min blog","robots":{"index":"index","follow":"follow","max-snippet":"max-snippet:-1","max-image-preview":"max-image-preview:large","max-video-preview":"max-video-preview:-1"},"canonical":"https:\/\/taarnager.dk\/index.php\/2023\/12\/22\/mellem-solnedgang-og-erindring\/","og_locale":"da_DK","og_type":"article","og_title":"Mellem Solnedgang og Erindring","og_description":"I en stille forstad, hvor tid synes at bev\u00e6ge sig i takt med de velplejede [&hellip;]","og_url":"https:\/\/taarnager.dk\/index.php\/2023\/12\/22\/mellem-solnedgang-og-erindring\/","og_site_name":"Din og Min blog","article_published_time":"2023-12-22T13:34:21+00:00","article_modified_time":"2025-03-26T13:49:33+00:00","og_image":[{"width":1920,"height":780,"url":"https:\/\/taarnager.dk\/wp-content\/uploads\/2023\/12\/img0.jpg","type":"image\/jpeg"}],"author":"admin","twitter_card":"summary_large_image","twitter_misc":{"Skrevet af":"admin","Estimeret l\u00e6setid":"8 minutter"},"schema":{"@context":"https:\/\/schema.org","@graph":[{"@type":"Article","@id":"https:\/\/taarnager.dk\/index.php\/2023\/12\/22\/mellem-solnedgang-og-erindring\/#article","isPartOf":{"@id":"https:\/\/taarnager.dk\/index.php\/2023\/12\/22\/mellem-solnedgang-og-erindring\/"},"author":{"name":"admin","@id":"https:\/\/taarnager.dk\/#\/schema\/person\/615c9ded39d3ebcc34ec3144af79ec11"},"headline":"Mellem Solnedgang og Erindring","datePublished":"2023-12-22T13:34:21+00:00","dateModified":"2025-03-26T13:49:33+00:00","mainEntityOfPage":{"@id":"https:\/\/taarnager.dk\/index.php\/2023\/12\/22\/mellem-solnedgang-og-erindring\/"},"wordCount":1430,"commentCount":0,"image":{"@id":"https:\/\/taarnager.dk\/index.php\/2023\/12\/22\/mellem-solnedgang-og-erindring\/#primaryimage"},"thumbnailUrl":"https:\/\/taarnager.dk\/wp-content\/uploads\/2023\/12\/cropped-img0.jpg","articleSection":["Min Novelle"],"inLanguage":"da-DK","potentialAction":[{"@type":"CommentAction","name":"Comment","target":["https:\/\/taarnager.dk\/index.php\/2023\/12\/22\/mellem-solnedgang-og-erindring\/#respond"]}]},{"@type":"WebPage","@id":"https:\/\/taarnager.dk\/index.php\/2023\/12\/22\/mellem-solnedgang-og-erindring\/","url":"https:\/\/taarnager.dk\/index.php\/2023\/12\/22\/mellem-solnedgang-og-erindring\/","name":"Mellem Solnedgang og Erindring - Din og Min blog","isPartOf":{"@id":"https:\/\/taarnager.dk\/#website"},"primaryImageOfPage":{"@id":"https:\/\/taarnager.dk\/index.php\/2023\/12\/22\/mellem-solnedgang-og-erindring\/#primaryimage"},"image":{"@id":"https:\/\/taarnager.dk\/index.php\/2023\/12\/22\/mellem-solnedgang-og-erindring\/#primaryimage"},"thumbnailUrl":"https:\/\/taarnager.dk\/wp-content\/uploads\/2023\/12\/cropped-img0.jpg","datePublished":"2023-12-22T13:34:21+00:00","dateModified":"2025-03-26T13:49:33+00:00","author":{"@id":"https:\/\/taarnager.dk\/#\/schema\/person\/615c9ded39d3ebcc34ec3144af79ec11"},"breadcrumb":{"@id":"https:\/\/taarnager.dk\/index.php\/2023\/12\/22\/mellem-solnedgang-og-erindring\/#breadcrumb"},"inLanguage":"da-DK","potentialAction":[{"@type":"ReadAction","target":["https:\/\/taarnager.dk\/index.php\/2023\/12\/22\/mellem-solnedgang-og-erindring\/"]}]},{"@type":"ImageObject","inLanguage":"da-DK","@id":"https:\/\/taarnager.dk\/index.php\/2023\/12\/22\/mellem-solnedgang-og-erindring\/#primaryimage","url":"https:\/\/taarnager.dk\/wp-content\/uploads\/2023\/12\/cropped-img0.jpg","contentUrl":"https:\/\/taarnager.dk\/wp-content\/uploads\/2023\/12\/cropped-img0.jpg","width":1400,"height":674,"caption":"fiona caption"},{"@type":"BreadcrumbList","@id":"https:\/\/taarnager.dk\/index.php\/2023\/12\/22\/mellem-solnedgang-og-erindring\/#breadcrumb","itemListElement":[{"@type":"ListItem","position":1,"name":"Hjem","item":"https:\/\/taarnager.dk\/"},{"@type":"ListItem","position":2,"name":"Mellem Solnedgang og Erindring"}]},{"@type":"WebSite","@id":"https:\/\/taarnager.dk\/#website","url":"https:\/\/taarnager.dk\/","name":"Din og Min blog","description":"Har du en god historie du vil dele med andre","potentialAction":[{"@type":"SearchAction","target":{"@type":"EntryPoint","urlTemplate":"https:\/\/taarnager.dk\/?s={search_term_string}"},"query-input":{"@type":"PropertyValueSpecification","valueRequired":true,"valueName":"search_term_string"}}],"inLanguage":"da-DK"},{"@type":"Person","@id":"https:\/\/taarnager.dk\/#\/schema\/person\/615c9ded39d3ebcc34ec3144af79ec11","name":"admin","image":{"@type":"ImageObject","inLanguage":"da-DK","@id":"https:\/\/secure.gravatar.com\/avatar\/8d14d5c8ef5c8d7896b10aa6fd86e048fa9f87557585fb1107b82546bc23507d?s=96&d=mm&r=g","url":"https:\/\/secure.gravatar.com\/avatar\/8d14d5c8ef5c8d7896b10aa6fd86e048fa9f87557585fb1107b82546bc23507d?s=96&d=mm&r=g","contentUrl":"https:\/\/secure.gravatar.com\/avatar\/8d14d5c8ef5c8d7896b10aa6fd86e048fa9f87557585fb1107b82546bc23507d?s=96&d=mm&r=g","caption":"admin"},"sameAs":["https:\/\/taarnager.dk"],"url":"https:\/\/taarnager.dk\/index.php\/author\/admin\/"}]}},"jetpack_featured_media_url":"https:\/\/taarnager.dk\/wp-content\/uploads\/2023\/12\/cropped-img0.jpg","jetpack_sharing_enabled":true,"_links":{"self":[{"href":"https:\/\/taarnager.dk\/index.php\/wp-json\/wp\/v2\/posts\/29","targetHints":{"allow":["GET"]}}],"collection":[{"href":"https:\/\/taarnager.dk\/index.php\/wp-json\/wp\/v2\/posts"}],"about":[{"href":"https:\/\/taarnager.dk\/index.php\/wp-json\/wp\/v2\/types\/post"}],"author":[{"embeddable":true,"href":"https:\/\/taarnager.dk\/index.php\/wp-json\/wp\/v2\/users\/1"}],"replies":[{"embeddable":true,"href":"https:\/\/taarnager.dk\/index.php\/wp-json\/wp\/v2\/comments?post=29"}],"version-history":[{"count":8,"href":"https:\/\/taarnager.dk\/index.php\/wp-json\/wp\/v2\/posts\/29\/revisions"}],"predecessor-version":[{"id":466,"href":"https:\/\/taarnager.dk\/index.php\/wp-json\/wp\/v2\/posts\/29\/revisions\/466"}],"wp:featuredmedia":[{"embeddable":true,"href":"https:\/\/taarnager.dk\/index.php\/wp-json\/wp\/v2\/media\/394"}],"wp:attachment":[{"href":"https:\/\/taarnager.dk\/index.php\/wp-json\/wp\/v2\/media?parent=29"}],"wp:term":[{"taxonomy":"category","embeddable":true,"href":"https:\/\/taarnager.dk\/index.php\/wp-json\/wp\/v2\/categories?post=29"},{"taxonomy":"post_tag","embeddable":true,"href":"https:\/\/taarnager.dk\/index.php\/wp-json\/wp\/v2\/tags?post=29"}],"curies":[{"name":"wp","href":"https:\/\/api.w.org\/{rel}","templated":true}]}}