{"id":806,"date":"2025-09-19T10:05:03","date_gmt":"2025-09-19T10:05:03","guid":{"rendered":"https:\/\/taarnager.dk\/?p=806"},"modified":"2026-04-12T18:44:19","modified_gmt":"2026-04-12T18:44:19","slug":"mellem-krig-og-fred","status":"publish","type":"post","link":"https:\/\/taarnager.dk\/index.php\/2025\/09\/19\/mellem-krig-og-fred\/","title":{"rendered":"Mellem Krig og Fred"},"content":{"rendered":"\t\t<div data-elementor-type=\"wp-post\" data-elementor-id=\"806\" class=\"elementor elementor-806\" data-elementor-post-type=\"post\">\n\t\t\t\t<div class=\"elementor-element elementor-element-6e359360 e-con-full e-flex e-con e-parent\" data-id=\"6e359360\" data-element_type=\"container\" data-e-type=\"container\">\n\t\t\t\t<div class=\"elementor-element elementor-element-f9d8c1e elementor-widget elementor-widget-button\" data-id=\"f9d8c1e\" data-element_type=\"widget\" data-e-type=\"widget\" data-widget_type=\"button.default\">\n\t\t\t\t<div class=\"elementor-widget-container\">\n\t\t\t\t\t\t\t\t\t<div class=\"elementor-button-wrapper\">\n\t\t\t\t\t<a class=\"elementor-button elementor-button-link elementor-size-sm\" href=\"https:\/\/taarnager.dk\/wp-content\/uploads\/2025\/09\/Mellem-krig-og-fred-1.pdf\">\n\t\t\t\t\t\t<span class=\"elementor-button-content-wrapper\">\n\t\t\t\t\t\t\t\t\t<span class=\"elementor-button-text\">Download Romanen<\/span>\n\t\t\t\t\t<\/span>\n\t\t\t\t\t<\/a>\n\t\t\t\t<\/div>\n\t\t\t\t\t\t\t\t<\/div>\n\t\t\t\t<\/div>\n\t\t\t\t<div class=\"elementor-element elementor-element-65bcb385 elementor-widget elementor-widget-text-editor\" data-id=\"65bcb385\" data-element_type=\"widget\" data-e-type=\"widget\" data-widget_type=\"text-editor.default\">\n\t\t\t\t<div class=\"elementor-widget-container\">\n\t\t\t\t\t\t\t\t\t<figure class=\"wp-block-image size-full is-resized\"><\/figure>\n<p><!-- \/wp:image --><!-- wp:columns --><\/p>\n<div class=\"wp-block-columns\">\n<p><!-- wp:column {\"width\":\"100%\"} --><\/p>\n<div class=\"wp-block-column\" style=\"flex-basis: 100%;\">\n<p><!-- wp:buttons --><\/p>\n<div class=\"wp-block-buttons\">\n<p><!-- wp:button {\"className\":\"is-style-fill\"} --><\/p>\n<p><span style=\"font-size: 1rem;\">Forord<\/span><\/p>\n<\/div>\n<\/div>\n<\/div>\n<p>Dette v\u00e6rk blev til i en tid pr\u00e6get af b\u00e5de h\u00e5b og uro. Det handler om valg \u2013 og om hvad<br \/>der sker, n\u00e5r vi v\u00e6lger at tro p\u00e5 det gode i hinanden\u2026<br \/>Krigens spor l\u00f8ber sj\u00e6ldent kun gennem \u00f8delagte landskaber og faldne bygninger. De graver sig dybere, ind i mennesker, i erindringer, i tavsheden mellem ord. Mellem Krig og<br \/>Fred er fort\u00e6llingen om dem, der blev tilbage \u2013 ikke som helte, men som vidner, som<br \/>s\u00f8gende, som mennesker, der m\u00e5 genopbygge ikke blot deres verden, men sig selv.<br \/>Denne roman er ikke et krigsdrama i traditionel forstand. Den er en rejse gennem<br \/>efterd\u00f8nningerne, gennem brudte forbindelser, glemte byer og stemmer, der hvisker<br \/>gennem st\u00f8v og aske. Anna og Mikkel \u2013 vores ledsagere \u2013 b\u00e6rer ikke uniform, men de<br \/>b\u00e6rer byrder. De stiller sp\u00f8rgsm\u00e5l, hvor andre har lukket \u00f8jnene. De skriver, hvor andre<br \/>har fortr\u00e6ngt. Og i deres s\u00f8gen efter sandhed, h\u00e5b og menneskelighed rejser de igennem<br \/>ruinerne af et Europa, der ikke blot er ramt \u2013 men forandret.<br \/>Bind 1 \u00e5bner d\u00f8ren til denne verden. Vi m\u00f8der stilheden, m\u00f8rket, og de f\u00f8rste antydninger<br \/>af det, der gemmer sig bag murbrokkerne. Vi m\u00e6rker tvivlen, k\u00e6rligheden og modet til at<br \/>lede. I Bind 2 fordyber vi os. Fort\u00e6llingen bliver m\u00f8rkere, mere udfordrende, men ogs\u00e5<br \/>mere h\u00e5befuld. Her udfolder dramaet sig med en dybere forst\u00e5else af, hvad det vil sige at<br \/>v\u00e6re menneske i en tid, hvor intet l\u00e6ngere er sikkert.<br \/>Romanen er f\u00f8dt af en tro p\u00e5, at litteraturen har kraft til at belyse de steder, hvor historien<br \/>tier. At vi \u2013 gennem fiktionen \u2013 kan give stemme til dem, der aldrig fik fortalt deres<br \/>historie. Dette v\u00e6rk er s\u00e5ledes b\u00e5de en roman og en hyldest: til dem, der husker, og til<br \/>dem, der n\u00e6gter tavsheden.<br \/>Tak, k\u00e6re l\u00e6ser, fordi du vil lytte med.<\/p>\n<p><!-- \/wp:paragraph --><!-- wp:paragraph --><\/p>\n<p><a href=\"https:\/\/taarnager.dk\/wp-content\/uploads\/2025\/09\/Mellem-krig-og-fred-1.pdf\">Download romanen her<\/a><\/p>\n<p><!-- \/wp:paragraph --><!-- wp:tropicalista\/pdfembed --><\/p>\n<div class=\"wp-block-tropicalista-pdfembed\" style=\"height: 500px;\" data-api-key=\"\" data-default-view-mode=\"FIT_PAGE\">\u00a0<\/div>\n<div class=\"wp-block-tropicalista-pdfembed\" style=\"height: 500px;\" data-api-key=\"\" data-default-view-mode=\"FIT_PAGE\">\u00a0*<\/div>\n<p><!-- \/wp:tropicalista\/pdfembed --><\/p>\t\t\t\t\t\t\t\t<\/div>\n\t\t\t\t<\/div>\n\t\t\t\t<\/div>\n\t\t\t\t<\/div>\n\t\t<a class=\"synved-social-button synved-social-button-follow synved-social-size-32 synved-social-resolution-single synved-social-provider-mail nolightbox\" data-provider=\"mail\" rel=\"nofollow\" title=\"bjarne@taarnager.dk\" href=\"http:\/\/bjarne@taarnager.dk\" style=\"font-size: 0px;width:32px;height:32px;margin:0;margin-bottom:5px\"><img decoding=\"async\" alt=\"mail\" title=\"bjarne@taarnager.dk\" class=\"synved-share-image synved-social-image synved-social-image-follow\" width=\"32\" height=\"32\" style=\"display: inline;width:32px;height:32px;margin: 0;padding: 0;border: none;box-shadow: none\" src=\"https:\/\/taarnager.dk\/wp-content\/plugins\/social-media-feather\/synved-social\/image\/social\/regular\/64x64\/mail.png\" \/><\/a>","protected":false},"excerpt":{"rendered":"<p>Download Romanen Forord Dette v\u00e6rk blev til i en tid pr\u00e6get af b\u00e5de h\u00e5b og [&hellip;]<\/p>\n","protected":false},"author":1,"featured_media":807,"comment_status":"open","ping_status":"open","sticky":false,"template":"","format":"standard","meta":{"_jetpack_memberships_contains_paid_content":false,"footnotes":""},"categories":[46,1],"tags":[],"class_list":["post-806","post","type-post","status-publish","format-standard","has-post-thumbnail","hentry","category-romaner","category-udenfor-kategori"],"yoast_head":"<!-- This site is optimized with the Yoast SEO Premium plugin v25.4 (Yoast SEO v27.5) - https:\/\/yoast.com\/product\/yoast-seo-premium-wordpress\/ -->\n<title>Mellem Krig og Fred - Din og Min blog<\/title>\n<meta name=\"robots\" content=\"index, follow, max-snippet:-1, max-image-preview:large, max-video-preview:-1\" \/>\n<link rel=\"canonical\" href=\"https:\/\/taarnager.dk\/index.php\/2025\/09\/19\/mellem-krig-og-fred\/\" \/>\n<meta property=\"og:locale\" content=\"da_DK\" \/>\n<meta property=\"og:type\" content=\"article\" \/>\n<meta property=\"og:title\" content=\"Mellem Krig og Fred\" \/>\n<meta property=\"og:description\" content=\"Download Romanen Forord Dette v\u00e6rk blev til i en tid pr\u00e6get af b\u00e5de h\u00e5b og [&hellip;]\" \/>\n<meta property=\"og:url\" content=\"https:\/\/taarnager.dk\/index.php\/2025\/09\/19\/mellem-krig-og-fred\/\" \/>\n<meta property=\"og:site_name\" content=\"Din og Min blog\" \/>\n<meta property=\"article:published_time\" content=\"2025-09-19T10:05:03+00:00\" \/>\n<meta property=\"article:modified_time\" content=\"2026-04-12T18:44:19+00:00\" \/>\n<meta property=\"og:image\" content=\"https:\/\/taarnager.dk\/wp-content\/uploads\/2025\/09\/1-1.png\" \/>\n\t<meta property=\"og:image:width\" content=\"640\" \/>\n\t<meta property=\"og:image:height\" content=\"640\" \/>\n\t<meta property=\"og:image:type\" content=\"image\/png\" \/>\n<meta name=\"author\" content=\"admin\" \/>\n<meta name=\"twitter:card\" content=\"summary_large_image\" \/>\n<meta name=\"twitter:label1\" content=\"Skrevet af\" \/>\n\t<meta name=\"twitter:data1\" content=\"admin\" \/>\n\t<meta name=\"twitter:label2\" content=\"Estimeret l\u00e6setid\" \/>\n\t<meta name=\"twitter:data2\" content=\"2 minutter\" \/>\n<script type=\"application\/ld+json\" class=\"yoast-schema-graph\">{\"@context\":\"https:\\\/\\\/schema.org\",\"@graph\":[{\"@type\":\"Article\",\"@id\":\"https:\\\/\\\/taarnager.dk\\\/index.php\\\/2025\\\/09\\\/19\\\/mellem-krig-og-fred\\\/#article\",\"isPartOf\":{\"@id\":\"https:\\\/\\\/taarnager.dk\\\/index.php\\\/2025\\\/09\\\/19\\\/mellem-krig-og-fred\\\/\"},\"author\":{\"name\":\"admin\",\"@id\":\"https:\\\/\\\/taarnager.dk\\\/#\\\/schema\\\/person\\\/615c9ded39d3ebcc34ec3144af79ec11\"},\"headline\":\"Mellem Krig og Fred\",\"datePublished\":\"2025-09-19T10:05:03+00:00\",\"dateModified\":\"2026-04-12T18:44:19+00:00\",\"mainEntityOfPage\":{\"@id\":\"https:\\\/\\\/taarnager.dk\\\/index.php\\\/2025\\\/09\\\/19\\\/mellem-krig-og-fred\\\/\"},\"wordCount\":328,\"commentCount\":0,\"image\":{\"@id\":\"https:\\\/\\\/taarnager.dk\\\/index.php\\\/2025\\\/09\\\/19\\\/mellem-krig-og-fred\\\/#primaryimage\"},\"thumbnailUrl\":\"https:\\\/\\\/taarnager.dk\\\/wp-content\\\/uploads\\\/2025\\\/09\\\/1-1.png\",\"articleSection\":[\"Romaner\",\"Udenfor kategori\"],\"inLanguage\":\"da-DK\",\"potentialAction\":[{\"@type\":\"CommentAction\",\"name\":\"Comment\",\"target\":[\"https:\\\/\\\/taarnager.dk\\\/index.php\\\/2025\\\/09\\\/19\\\/mellem-krig-og-fred\\\/#respond\"]}]},{\"@type\":\"WebPage\",\"@id\":\"https:\\\/\\\/taarnager.dk\\\/index.php\\\/2025\\\/09\\\/19\\\/mellem-krig-og-fred\\\/\",\"url\":\"https:\\\/\\\/taarnager.dk\\\/index.php\\\/2025\\\/09\\\/19\\\/mellem-krig-og-fred\\\/\",\"name\":\"Mellem Krig og Fred - Din og Min blog\",\"isPartOf\":{\"@id\":\"https:\\\/\\\/taarnager.dk\\\/#website\"},\"primaryImageOfPage\":{\"@id\":\"https:\\\/\\\/taarnager.dk\\\/index.php\\\/2025\\\/09\\\/19\\\/mellem-krig-og-fred\\\/#primaryimage\"},\"image\":{\"@id\":\"https:\\\/\\\/taarnager.dk\\\/index.php\\\/2025\\\/09\\\/19\\\/mellem-krig-og-fred\\\/#primaryimage\"},\"thumbnailUrl\":\"https:\\\/\\\/taarnager.dk\\\/wp-content\\\/uploads\\\/2025\\\/09\\\/1-1.png\",\"datePublished\":\"2025-09-19T10:05:03+00:00\",\"dateModified\":\"2026-04-12T18:44:19+00:00\",\"author\":{\"@id\":\"https:\\\/\\\/taarnager.dk\\\/#\\\/schema\\\/person\\\/615c9ded39d3ebcc34ec3144af79ec11\"},\"breadcrumb\":{\"@id\":\"https:\\\/\\\/taarnager.dk\\\/index.php\\\/2025\\\/09\\\/19\\\/mellem-krig-og-fred\\\/#breadcrumb\"},\"inLanguage\":\"da-DK\",\"potentialAction\":[{\"@type\":\"ReadAction\",\"target\":[\"https:\\\/\\\/taarnager.dk\\\/index.php\\\/2025\\\/09\\\/19\\\/mellem-krig-og-fred\\\/\"]}]},{\"@type\":\"ImageObject\",\"inLanguage\":\"da-DK\",\"@id\":\"https:\\\/\\\/taarnager.dk\\\/index.php\\\/2025\\\/09\\\/19\\\/mellem-krig-og-fred\\\/#primaryimage\",\"url\":\"https:\\\/\\\/taarnager.dk\\\/wp-content\\\/uploads\\\/2025\\\/09\\\/1-1.png\",\"contentUrl\":\"https:\\\/\\\/taarnager.dk\\\/wp-content\\\/uploads\\\/2025\\\/09\\\/1-1.png\",\"width\":1024,\"height\":1024},{\"@type\":\"BreadcrumbList\",\"@id\":\"https:\\\/\\\/taarnager.dk\\\/index.php\\\/2025\\\/09\\\/19\\\/mellem-krig-og-fred\\\/#breadcrumb\",\"itemListElement\":[{\"@type\":\"ListItem\",\"position\":1,\"name\":\"Hjem\",\"item\":\"https:\\\/\\\/taarnager.dk\\\/\"},{\"@type\":\"ListItem\",\"position\":2,\"name\":\"Mellem Krig og Fred\"}]},{\"@type\":\"WebSite\",\"@id\":\"https:\\\/\\\/taarnager.dk\\\/#website\",\"url\":\"https:\\\/\\\/taarnager.dk\\\/\",\"name\":\"Din og Min blog\",\"description\":\"Har du en god historie du vil dele med andre\",\"potentialAction\":[{\"@type\":\"SearchAction\",\"target\":{\"@type\":\"EntryPoint\",\"urlTemplate\":\"https:\\\/\\\/taarnager.dk\\\/?s={search_term_string}\"},\"query-input\":{\"@type\":\"PropertyValueSpecification\",\"valueRequired\":true,\"valueName\":\"search_term_string\"}}],\"inLanguage\":\"da-DK\"},{\"@type\":\"Person\",\"@id\":\"https:\\\/\\\/taarnager.dk\\\/#\\\/schema\\\/person\\\/615c9ded39d3ebcc34ec3144af79ec11\",\"name\":\"admin\",\"image\":{\"@type\":\"ImageObject\",\"inLanguage\":\"da-DK\",\"@id\":\"https:\\\/\\\/secure.gravatar.com\\\/avatar\\\/8d14d5c8ef5c8d7896b10aa6fd86e048fa9f87557585fb1107b82546bc23507d?s=96&d=mm&r=g\",\"url\":\"https:\\\/\\\/secure.gravatar.com\\\/avatar\\\/8d14d5c8ef5c8d7896b10aa6fd86e048fa9f87557585fb1107b82546bc23507d?s=96&d=mm&r=g\",\"contentUrl\":\"https:\\\/\\\/secure.gravatar.com\\\/avatar\\\/8d14d5c8ef5c8d7896b10aa6fd86e048fa9f87557585fb1107b82546bc23507d?s=96&d=mm&r=g\",\"caption\":\"admin\"},\"sameAs\":[\"https:\\\/\\\/taarnager.dk\"],\"url\":\"https:\\\/\\\/taarnager.dk\\\/index.php\\\/author\\\/admin\\\/\"}]}<\/script>\n<!-- \/ Yoast SEO Premium plugin. -->","yoast_head_json":{"title":"Mellem Krig og Fred - Din og Min blog","robots":{"index":"index","follow":"follow","max-snippet":"max-snippet:-1","max-image-preview":"max-image-preview:large","max-video-preview":"max-video-preview:-1"},"canonical":"https:\/\/taarnager.dk\/index.php\/2025\/09\/19\/mellem-krig-og-fred\/","og_locale":"da_DK","og_type":"article","og_title":"Mellem Krig og Fred","og_description":"Download Romanen Forord Dette v\u00e6rk blev til i en tid pr\u00e6get af b\u00e5de h\u00e5b og [&hellip;]","og_url":"https:\/\/taarnager.dk\/index.php\/2025\/09\/19\/mellem-krig-og-fred\/","og_site_name":"Din og Min blog","article_published_time":"2025-09-19T10:05:03+00:00","article_modified_time":"2026-04-12T18:44:19+00:00","og_image":[{"url":"https:\/\/taarnager.dk\/wp-content\/uploads\/2025\/09\/1-1.png","width":640,"height":640,"type":"image\/png"}],"author":"admin","twitter_card":"summary_large_image","twitter_misc":{"Skrevet af":"admin","Estimeret l\u00e6setid":"2 minutter"},"schema":{"@context":"https:\/\/schema.org","@graph":[{"@type":"Article","@id":"https:\/\/taarnager.dk\/index.php\/2025\/09\/19\/mellem-krig-og-fred\/#article","isPartOf":{"@id":"https:\/\/taarnager.dk\/index.php\/2025\/09\/19\/mellem-krig-og-fred\/"},"author":{"name":"admin","@id":"https:\/\/taarnager.dk\/#\/schema\/person\/615c9ded39d3ebcc34ec3144af79ec11"},"headline":"Mellem Krig og Fred","datePublished":"2025-09-19T10:05:03+00:00","dateModified":"2026-04-12T18:44:19+00:00","mainEntityOfPage":{"@id":"https:\/\/taarnager.dk\/index.php\/2025\/09\/19\/mellem-krig-og-fred\/"},"wordCount":328,"commentCount":0,"image":{"@id":"https:\/\/taarnager.dk\/index.php\/2025\/09\/19\/mellem-krig-og-fred\/#primaryimage"},"thumbnailUrl":"https:\/\/taarnager.dk\/wp-content\/uploads\/2025\/09\/1-1.png","articleSection":["Romaner","Udenfor kategori"],"inLanguage":"da-DK","potentialAction":[{"@type":"CommentAction","name":"Comment","target":["https:\/\/taarnager.dk\/index.php\/2025\/09\/19\/mellem-krig-og-fred\/#respond"]}]},{"@type":"WebPage","@id":"https:\/\/taarnager.dk\/index.php\/2025\/09\/19\/mellem-krig-og-fred\/","url":"https:\/\/taarnager.dk\/index.php\/2025\/09\/19\/mellem-krig-og-fred\/","name":"Mellem Krig og Fred - Din og Min blog","isPartOf":{"@id":"https:\/\/taarnager.dk\/#website"},"primaryImageOfPage":{"@id":"https:\/\/taarnager.dk\/index.php\/2025\/09\/19\/mellem-krig-og-fred\/#primaryimage"},"image":{"@id":"https:\/\/taarnager.dk\/index.php\/2025\/09\/19\/mellem-krig-og-fred\/#primaryimage"},"thumbnailUrl":"https:\/\/taarnager.dk\/wp-content\/uploads\/2025\/09\/1-1.png","datePublished":"2025-09-19T10:05:03+00:00","dateModified":"2026-04-12T18:44:19+00:00","author":{"@id":"https:\/\/taarnager.dk\/#\/schema\/person\/615c9ded39d3ebcc34ec3144af79ec11"},"breadcrumb":{"@id":"https:\/\/taarnager.dk\/index.php\/2025\/09\/19\/mellem-krig-og-fred\/#breadcrumb"},"inLanguage":"da-DK","potentialAction":[{"@type":"ReadAction","target":["https:\/\/taarnager.dk\/index.php\/2025\/09\/19\/mellem-krig-og-fred\/"]}]},{"@type":"ImageObject","inLanguage":"da-DK","@id":"https:\/\/taarnager.dk\/index.php\/2025\/09\/19\/mellem-krig-og-fred\/#primaryimage","url":"https:\/\/taarnager.dk\/wp-content\/uploads\/2025\/09\/1-1.png","contentUrl":"https:\/\/taarnager.dk\/wp-content\/uploads\/2025\/09\/1-1.png","width":1024,"height":1024},{"@type":"BreadcrumbList","@id":"https:\/\/taarnager.dk\/index.php\/2025\/09\/19\/mellem-krig-og-fred\/#breadcrumb","itemListElement":[{"@type":"ListItem","position":1,"name":"Hjem","item":"https:\/\/taarnager.dk\/"},{"@type":"ListItem","position":2,"name":"Mellem Krig og Fred"}]},{"@type":"WebSite","@id":"https:\/\/taarnager.dk\/#website","url":"https:\/\/taarnager.dk\/","name":"Din og Min blog","description":"Har du en god historie du vil dele med andre","potentialAction":[{"@type":"SearchAction","target":{"@type":"EntryPoint","urlTemplate":"https:\/\/taarnager.dk\/?s={search_term_string}"},"query-input":{"@type":"PropertyValueSpecification","valueRequired":true,"valueName":"search_term_string"}}],"inLanguage":"da-DK"},{"@type":"Person","@id":"https:\/\/taarnager.dk\/#\/schema\/person\/615c9ded39d3ebcc34ec3144af79ec11","name":"admin","image":{"@type":"ImageObject","inLanguage":"da-DK","@id":"https:\/\/secure.gravatar.com\/avatar\/8d14d5c8ef5c8d7896b10aa6fd86e048fa9f87557585fb1107b82546bc23507d?s=96&d=mm&r=g","url":"https:\/\/secure.gravatar.com\/avatar\/8d14d5c8ef5c8d7896b10aa6fd86e048fa9f87557585fb1107b82546bc23507d?s=96&d=mm&r=g","contentUrl":"https:\/\/secure.gravatar.com\/avatar\/8d14d5c8ef5c8d7896b10aa6fd86e048fa9f87557585fb1107b82546bc23507d?s=96&d=mm&r=g","caption":"admin"},"sameAs":["https:\/\/taarnager.dk"],"url":"https:\/\/taarnager.dk\/index.php\/author\/admin\/"}]}},"jetpack_featured_media_url":"https:\/\/taarnager.dk\/wp-content\/uploads\/2025\/09\/1-1.png","jetpack_sharing_enabled":true,"_links":{"self":[{"href":"https:\/\/taarnager.dk\/index.php\/wp-json\/wp\/v2\/posts\/806","targetHints":{"allow":["GET"]}}],"collection":[{"href":"https:\/\/taarnager.dk\/index.php\/wp-json\/wp\/v2\/posts"}],"about":[{"href":"https:\/\/taarnager.dk\/index.php\/wp-json\/wp\/v2\/types\/post"}],"author":[{"embeddable":true,"href":"https:\/\/taarnager.dk\/index.php\/wp-json\/wp\/v2\/users\/1"}],"replies":[{"embeddable":true,"href":"https:\/\/taarnager.dk\/index.php\/wp-json\/wp\/v2\/comments?post=806"}],"version-history":[{"count":33,"href":"https:\/\/taarnager.dk\/index.php\/wp-json\/wp\/v2\/posts\/806\/revisions"}],"predecessor-version":[{"id":880,"href":"https:\/\/taarnager.dk\/index.php\/wp-json\/wp\/v2\/posts\/806\/revisions\/880"}],"wp:featuredmedia":[{"embeddable":true,"href":"https:\/\/taarnager.dk\/index.php\/wp-json\/wp\/v2\/media\/807"}],"wp:attachment":[{"href":"https:\/\/taarnager.dk\/index.php\/wp-json\/wp\/v2\/media?parent=806"}],"wp:term":[{"taxonomy":"category","embeddable":true,"href":"https:\/\/taarnager.dk\/index.php\/wp-json\/wp\/v2\/categories?post=806"},{"taxonomy":"post_tag","embeddable":true,"href":"https:\/\/taarnager.dk\/index.php\/wp-json\/wp\/v2\/tags?post=806"}],"curies":[{"name":"wp","href":"https:\/\/api.w.org\/{rel}","templated":true}]}}